{"id":1755,"date":"2026-03-11T10:05:08","date_gmt":"2026-03-11T09:05:08","guid":{"rendered":"https:\/\/goldenme.lu\/?p=1755"},"modified":"2026-04-24T11:53:28","modified_gmt":"2026-04-24T09:53:28","slug":"der-preis-fuer-digitale-inklusion-2025-geht-an-goldenme-und-die-steftung-hellef-doheem-fuer-das-projekt-digital-doheem","status":"publish","type":"post","link":"https:\/\/goldenme.lu\/fr\/der-preis-fuer-digitale-inklusion-2025-geht-an-goldenme-und-die-steftung-hellef-doheem-fuer-das-projekt-digital-doheem\/","title":{"rendered":"Der Preis f\u00fcr digitale Inklusion 2025 geht an GoldenMe und die St\u00ebftung H\u00ebllef Doheem f\u00fcr das Projekt \u201eDigital Doheem\u201c"},"content":{"rendered":"<div class=\"wpb-content-wrapper\"><p>[vc_row][vc_column][vc_custom_heading text=\u00a0\u00bbDigitale Inklusion sollte keine Frage des Alters oder der Mobilit\u00e4t sein\u00a0\u00bb font_container=\u00a0\u00bbtag:h2|font_size:30|text_align:left\u00a0\u00bb use_theme_fonts=\u00a0\u00bbyes\u00a0\u00bb css=\u00a0\u00bb\u00a0\u00bb][\/vc_column][\/vc_row][vc_row][vc_column][vc_column_text css=\u00a0\u00bb\u00a0\u00bb]<\/p>\n<div data-pm-slice=\"1 1 []\">\n<p>Mit Stolz und Dankbarkeit haben wir gemeinsam mit der <strong>St\u00ebftung H\u00ebllef Doheem<\/strong> den <strong>Preis f\u00fcr digitale Inklusion 2025<\/strong> entgegengenommen, der am 16. Mai f\u00fcr unser gemeinsames Projekt \u201e<strong>Digital Doheem<\/strong>\u201c verliehen wurde \u2013 eine Initiative, die darauf abzielt, die digitale Teilhabe von \u00e4lteren Menschen in der h\u00e4uslichen Pflege zu f\u00f6rdern, indem sie direkt in ihrem Lebensumfeld begleitet werden.<\/p>\n<\/div>\n<p>Die Preisverleihung fand im Rahmen der <strong>Digital Inclusion Days<\/strong> statt, einem zweit\u00e4gigen Programm, das vom <strong>Ministerium f\u00fcr Digitalisierung<\/strong> organisiert wurde. Die Veranstaltung begann mit dem interdisziplin\u00e4ren <strong>Forum zur digitalen Inklusion<\/strong>, einem Austauschforum, das Organisationen und engagierte Akteure mit einem gemeinsamen Ziel zusammenbrachte: gemeinsam konkrete L\u00f6sungen f\u00fcr eine inklusivere digitale Gesellschaft zu finden. Am n\u00e4chsten Tag fand die <strong>Messe f\u00fcr digitale Inklusion<\/strong> statt.[\/vc_column_text][vc_custom_heading text=\u00a0\u00bbWas ist Digital Doheem?\u00a0\u00bb font_container=\u00a0\u00bbtag:h2|font_size:30|text_align:left\u00a0\u00bb use_theme_fonts=\u00a0\u00bbyes\u00a0\u00bb css=\u00a0\u00bb\u00a0\u00bb][vc_column_text css=\u00a0\u00bb\u00a0\u00bb]Das Projekt \u201e<strong>Digital Doheem<\/strong>\u201c bietet eine individuelle und b\u00fcrgernahe Betreuung. Speziell geschulte Freiwillige arbeiten direkt mit Menschen \u00fcber 75 Jahren zusammen, die von der St\u00ebftung H\u00ebllef Doheem unterst\u00fctzt werden, um sie schrittweise an grundlegende digitale Anwendungen heranzuf\u00fchren.<\/p>\n<p>Dazu geh\u00f6ren unter anderem eine Einf\u00fchrung in Videotelefonie, die sichere Nutzung des Internets f\u00fcr bestimmte Beh\u00f6rdeng\u00e4nge sowie die grundlegende Bedienung eines Tablets \u2013 und das alles in einer vertrauten Umgebung.[\/vc_column_text][vc_custom_heading text=\u00a0\u00bbWarum ist das wichtig?\u00a0\u00bb font_container=\u00a0\u00bbtag:h2|font_size:30|text_align:left\u00a0\u00bb use_theme_fonts=\u00a0\u00bbyes\u00a0\u00bb css=\u00a0\u00bb\u00a0\u00bb][vc_column_text css=\u00a0\u00bb\u00a0\u00bb]In einer zunehmend vernetzten Gesellschaft f\u00f6rdert die digitale Inklusion die Teilhabe am gesellschaftlichen Leben. Einige \u00e4ltere Menschen, insbesondere solche, die isoliert leben oder in ihrer Mobilit\u00e4t eingeschr\u00e4nkt sind, k\u00f6nnen Schwierigkeiten haben, diese Tools uneingeschr\u00e4nkt zu nutzen. Das Projekt \u201eDigital Doheem\u201c zielt darauf ab, diesen Zugang zu erleichtern, indem es eine ma\u00dfgeschneiderte Begleitung anbietet, die sich eng an den Alltag der Beg\u00fcnstigten in ihrer vertrauten Umgebung anpasst, um soziale Kontakte und den Zugang zu grundlegenden Dienstleistungen aufrechtzuerhalten.<\/p>\n<p>Die offizielle Verleihung des Preises f\u00fcr digitale Inklusion 2025 durch die Ministerin f\u00fcr Digitalisierung, St\u00e9phanie Obertin, ist eine Anerkennung des Konzepts, das in Zusammenarbeit mit der St\u00ebftung H\u00ebllef Doheem entwickelt wurde. Die Umsetzung des Projekts ist f\u00fcr das Jahr 2026 vorgesehen.<\/p>\n<p>&nbsp;<\/p>\n<p><em>Der folgende Auszug stammt aus dem offiziellen Artikel des Ministeriums f\u00fcr Digitalisierung. \u00a9 Ministerium f\u00fcr Digitalisierung, 2025.<\/em>[\/vc_column_text][vc_custom_heading text=\u00a0\u00bbPreis f\u00fcr digitale Inklusion\u00a0\u00bb font_container=\u00a0\u00bbtag:h2|font_size:30|text_align:left\u00a0\u00bb use_theme_fonts=\u00a0\u00bbyes\u00a0\u00bb css=\u00a0\u00bb\u00a0\u00bb][vc_column_text css=\u00a0\u00bb\u00a0\u00bb]Das Programm des Tages endete mit der Verleihung des \u201ePreises f\u00fcr digitale Inklusion 2025\u201c durch St\u00e9phanie Obertin, Ministerin f\u00fcr Digitalisierung. Dieser 2022 ins Leben gerufene Preis zeichnet Projekte aus, die im Rahmen der j\u00e4hrlichen Ausschreibung f\u00fcr digitale Inklusion des Ministeriums f\u00fcr Digitalisierung ausgew\u00e4hlt wurden.<\/p>\n<p>&nbsp;<\/p>\n<p>In diesem Jahr lauteten die Preistr\u00e4ger wie folgt:<\/p>\n<p>&nbsp;<\/p>\n<ul>\n<li>Die Stiftung APEMH mit ihrem Projekt \u201eStarter Pack\u201c<\/li>\n<li>Club Haus op der Heed mit ihrem \u201e\u00c9isleker Koppen: Gesellschaftsspiel\u201c<\/li>\n<li>Neon Internet &amp; Visual Online mit ihrem gemeinsamen Projekt \u201eKI L\u00e9ierbud\u201c<\/li>\n<li>Stiftung H\u00ebllef Doheem &amp; GoldenMe mit ihrem gemeinsamen Projekt \u201eDigital Doheem\u201c<\/li>\n<\/ul>\n<p>&nbsp;<\/p>\n<p>F\u00fcr das Jahr 2025\u20132026 standen dem Ministerium f\u00fcr Digitalisierung f\u00fcr die Projektausschreibung insgesamt 250.000 Euro zur Verf\u00fcgung.<\/p>\n<p>Videos, in denen die verschiedenen im Jahr 2025 ausgezeichneten Projekte vorgestellt werden, k\u00f6nnen auf dem YouTube-Kanal des Ministeriums f\u00fcr Digitalisierung angesehen werden.[\/vc_column_text][\/vc_column][\/vc_row][vc_row disable_element=\u00a0\u00bbyes\u00a0\u00bb][vc_column][vc_column_text css=\u00a0\u00bb\u00a0\u00bb]<\/p>\n<div data-pm-slice=\"1 1 []\">C\u2019est avec fiert\u00e9 et reconnaissance que nous avons re\u00e7u, aux c\u00f4t\u00e9s de la <strong>St\u00ebftung H\u00ebllef Doheem<\/strong>, le <strong>Prix de l\u2019inclusion num\u00e9rique 2025<\/strong>, d\u00e9cern\u00e9 le 16 mai pour notre projet commun \u00ab <strong>Digital Doheem<\/strong> \u00bb\u00a0\u2013 une initiative qui vise \u00e0 favoriser la participation num\u00e9rique des personnes \u00e2g\u00e9es prises en charge \u00e0 domicile en les accompagnant directement dans leur environnement de vie.<\/div>\n<div data-pm-slice=\"1 1 []\">\n<p id=\"vghnl34118\" class=\"_8dTfY yGuyr\">La remise du prix s\u2019est inscrite dans le cadre des <strong>Digital Inclusion Days<\/strong>, un programme de deux jours organis\u00e9 par le <strong>Minist\u00e8re de la Digitalisation<\/strong>. L\u2019\u00e9v\u00e9nement a d\u00e9but\u00e9 par le <strong>Forum interdisciplinaire sur l\u2019inclusion num\u00e9rique<\/strong>, un espace d\u2019\u00e9change r\u00e9unissant des organisations et actrices \/ acteurs engag\u00e9\u00b7e\u00b7s autour d\u2019un objectif commun : trouver ensemble des solutions concr\u00e8tes pour une soci\u00e9t\u00e9 num\u00e9rique plus inclusive. Le lendemain, le <strong>Salon de l\u2019inclusion num\u00e9rique<\/strong>\u00a0a eu lieu.<\/p>\n<\/div>\n<h2 id=\"k91jo3600\" class=\"_8dTfY yGuyr\" data-pm-slice=\"1 1 []\"><strong><span data-font-size=\"24\">En quoi consiste Digital Doheem ?<\/span><\/strong><\/h2>\n<p id=\"0romu4829\" class=\"_8dTfY yGuyr\">Le projet <strong>Digital Doheem<\/strong>\u00a0propose un accompagnement personnalis\u00e9 et de proximit\u00e9. Des b\u00e9n\u00e9voles sp\u00e9cifiquement form\u00e9\u00b7e\u00b7s interviennent directement aupr\u00e8s de personnes de plus de 75 ans, b\u00e9n\u00e9ficiaires de la St\u00ebftung H\u00ebllef Doheem, afin de les familiariser progressivement aux usages num\u00e9riques essentiels.<\/p>\n<p id=\"aw0bx45704\" class=\"_8dTfY yGuyr\">Cela inclut, entre autres, l\u2019initiation aux appels vid\u00e9o, la navigation s\u00e9curis\u00e9e pour certaines d\u00e9marches administratives en ligne, ou encore l\u2019utilisation \u00e9l\u00e9mentaire d\u2019une tablette num\u00e9rique \u2013 le tout dans un environnement familier.<\/p>\n<h2 id=\"5l0t949045\" class=\"_8dTfY yGuyr\"><strong><span data-font-size=\"24\">Pourquoi est-ce important ?<\/span><\/strong><\/h2>\n<p id=\"qenac37630\" class=\"_8dTfY yGuyr\">Dans une soci\u00e9t\u00e9 toujours plus connect\u00e9e, l\u2019inclusion num\u00e9rique favorise la participation \u00e0 la vie sociale. Certaines personnes \u00e2g\u00e9es, notamment celles en situation d\u2019isolement ou de mobilit\u00e9 r\u00e9duite, peuvent rencontrer des difficult\u00e9s \u00e0 acc\u00e9der pleinement \u00e0 ces outils. Le projet <strong>Digital Doheem<\/strong>\u00a0vise \u00e0 faciliter cet acc\u00e8s, en proposant un accompagnement adapt\u00e9, au plus pr\u00e8s du quotidien des b\u00e9n\u00e9ficiaires, dans leur environnement familier, pour maintenir le lien social et l\u2019acc\u00e8s aux services essentiels.<\/p>\n<p id=\"cb7bq9286\" class=\"_8dTfY yGuyr\">La remise officielle du <strong>Prix de l\u2019inclusion num\u00e9rique 2025<\/strong> par <strong>Madame la Ministre de la Digitalisation, St\u00e9phanie Obertin<\/strong>, marque une reconnaissance du concept d\u00e9velopp\u00e9 en partenariat avec la <strong>St\u00ebftung H\u00ebllef Doheem<\/strong>. La mise en \u0153uvre du projet est pr\u00e9vue pour l\u2019ann\u00e9e 2026.<\/p>\n<div class=\"_3ZvVt\">\n<p><em>Le passage suivant est tir\u00e9 de l\u2019article officiel du Minist\u00e8re de la Digitalisation. \u00a9 Minist\u00e8re de la Digitalisation, 2025.<\/em><\/p>\n<\/div>\n<h2 id=\"zlj6r13599\" class=\"_8dTfY yGuyr\"><strong><span data-font-size=\"24\">Prix de l&rsquo;inclusion num\u00e9rique<\/span><\/strong><\/h2>\n<p id=\"qolwe43983\" class=\"_8dTfY yGuyr\">Le programme de la Journ\u00e9e s&rsquo;est cl\u00f4tur\u00e9 par la remise du \u00ab\u00a0Prix de l&rsquo;inclusion num\u00e9rique 2025\u00a0\u00bb par St\u00e9phanie Obertin, ministre de la Digitalisation. Cr\u00e9\u00e9 en 2022, ce prix r\u00e9compense les projets ayant \u00e9t\u00e9 retenus dans le cadre de l&rsquo;appel \u00e0 projets annuel pour l&rsquo;inclusion num\u00e9rique lanc\u00e9 par le minist\u00e8re de la Digitalisation.<\/p>\n<p id=\"0nnox43986\" class=\"_8dTfY yGuyr\">Cette ann\u00e9e, les laur\u00e9ats ont \u00e9t\u00e9 les suivants:<\/p>\n<div>\n<ul>\n<li id=\"9qn6043989\" class=\"_8dTfY yGuyr\">Fondation APEMH avec leur projet \u00ab\u00a0Starter Pack\u00a0\u00bb<\/li>\n<li id=\"kwulp43991\" class=\"_8dTfY yGuyr\">Club Haus op der Heed avec leur \u00ab\u00a0\u00c9isleker Koppen: Gesellschaftsspill\u00a0\u00bb<\/li>\n<li id=\"kjbzh43993\" class=\"_8dTfY yGuyr\">Neon Internet &amp; Visual Online avec leur projet conjoint \u00ab\u00a0KI L\u00e9ierbud\u00a0\u00bb<\/li>\n<li id=\"jmkin43995\" class=\"_8dTfY yGuyr\">St\u00ebftung H\u00ebllef Doheem &amp; GoldenMe avec leur projet commun \u00ab\u00a0Digital Doheem\u00a0\u00bb<\/li>\n<\/ul>\n<\/div>\n<p id=\"th9x043998\" class=\"_8dTfY yGuyr\">Pour l&rsquo;ann\u00e9e 2025-2026, le minist\u00e8re de la Digitalisation disposait d&rsquo;une enveloppe totale de 250.000 euros pour l&rsquo;appel \u00e0 projets.<\/p>\n<p id=\"11s0344001\" class=\"_8dTfY yGuyr\">Des vid\u00e9os pr\u00e9sentant les divers projets mis \u00e0 l&rsquo;honneur en 2025 peuvent \u00eatre visionn\u00e9s sur la cha\u00eene Youtube du minist\u00e8re de la Digitalisation.<\/p>\n<figure id=\"l4jt54373\"><figcaption><\/figcaption><\/figure>\n<p>[\/vc_column_text][\/vc_column][\/vc_row]<\/p>\n<\/div>","protected":false},"excerpt":{"rendered":"<p>[vc_row][vc_column][vc_custom_heading text=\u00a0\u00bbDigitale Inklusion sollte keine Frage des Alters oder der Mobilit\u00e4t sein\u00a0\u00bb font_container=\u00a0\u00bbtag:h2|font_size:30|text_align:left\u00a0\u00bb use_theme_fonts=\u00a0\u00bbyes\u00a0\u00bb css=\u00a0\u00bb\u00a0\u00bb][\/vc_column][\/vc_row][vc_row][vc_column][vc_column_text css=\u00a0\u00bb\u00a0\u00bb] Mit Stolz und Dankbarkeit haben wir gemeinsam mit der St\u00ebftung H\u00ebllef Doheem den Preis f\u00fcr digitale Inklusion 2025 entgegengenommen, der am 16. Mai f\u00fcr unser gemeinsames Projekt \u201eDigital Doheem\u201c verliehen wurde \u2013 eine Initiative, die darauf abzielt, die digitale [&hellip;]<\/p>\n","protected":false},"author":4,"featured_media":1758,"comment_status":"open","ping_status":"closed","sticky":false,"template":"","format":"standard","meta":{"_acf_changed":false,"footnotes":""},"categories":[16],"tags":[],"class_list":["post-1755","post","type-post","status-publish","format-standard","has-post-thumbnail","hentry","category-neuigkeiten"],"acf":[],"yoast_head":"<!-- This site is optimized with the Yoast SEO plugin v27.4 - https:\/\/yoast.com\/product\/yoast-seo-wordpress\/ -->\n<title>Der Preis f\u00fcr digitale Inklusion 2025 geht an GoldenMe und die St\u00ebftung H\u00ebllef Doheem f\u00fcr das Projekt \u201eDigital Doheem\u201c - GoldenMe<\/title>\n<meta name=\"robots\" content=\"index, follow, max-snippet:-1, max-image-preview:large, max-video-preview:-1\" \/>\n<link rel=\"canonical\" href=\"https:\/\/goldenme.lu\/fr\/der-preis-fuer-digitale-inklusion-2025-geht-an-goldenme-und-die-steftung-hellef-doheem-fuer-das-projekt-digital-doheem\/\" \/>\n<meta property=\"og:locale\" content=\"fr_FR\" \/>\n<meta property=\"og:type\" content=\"article\" \/>\n<meta property=\"og:title\" content=\"Der Preis f\u00fcr digitale Inklusion 2025 geht an GoldenMe und die St\u00ebftung H\u00ebllef Doheem f\u00fcr das Projekt \u201eDigital Doheem\u201c - GoldenMe\" \/>\n<meta property=\"og:description\" content=\"[vc_row][vc_column][vc_custom_heading text=\u00a0\u00bbDigitale Inklusion sollte keine Frage des Alters oder der Mobilit\u00e4t sein\u00a0\u00bb font_container=\u00a0\u00bbtag:h2|font_size:30|text_align:left\u00a0\u00bb use_theme_fonts=\u00a0\u00bbyes\u00a0\u00bb css=\u00a0\u00bb\u00a0\u00bb][\/vc_column][\/vc_row][vc_row][vc_column][vc_column_text css=\u00a0\u00bb\u00a0\u00bb] Mit Stolz und Dankbarkeit haben wir gemeinsam mit der St\u00ebftung H\u00ebllef Doheem den Preis f\u00fcr digitale Inklusion 2025 entgegengenommen, der am 16. Mai f\u00fcr unser gemeinsames Projekt \u201eDigital Doheem\u201c verliehen wurde \u2013 eine Initiative, die darauf abzielt, die digitale [&hellip;]\" \/>\n<meta property=\"og:url\" content=\"https:\/\/goldenme.lu\/fr\/der-preis-fuer-digitale-inklusion-2025-geht-an-goldenme-und-die-steftung-hellef-doheem-fuer-das-projekt-digital-doheem\/\" \/>\n<meta property=\"og:site_name\" content=\"GoldenMe\" \/>\n<meta property=\"article:publisher\" content=\"https:\/\/www.facebook.com\/GoldenMeLuxembourg\/\" \/>\n<meta property=\"article:published_time\" content=\"2026-03-11T09:05:08+00:00\" \/>\n<meta property=\"article:modified_time\" content=\"2026-04-24T09:53:28+00:00\" \/>\n<meta property=\"og:image\" content=\"https:\/\/goldenme.lu\/wp-content\/uploads\/2026\/03\/GM_prixinclus.numerique2025\u00a9MinDigitalR5635-1024x683.jpg\" \/>\n\t<meta property=\"og:image:width\" content=\"1024\" \/>\n\t<meta property=\"og:image:height\" content=\"683\" \/>\n\t<meta property=\"og:image:type\" content=\"image\/jpeg\" \/>\n<meta name=\"author\" content=\"Fre\" \/>\n<meta name=\"twitter:card\" content=\"summary_large_image\" \/>\n<meta name=\"twitter:label1\" content=\"\u00c9crit par\" \/>\n\t<meta name=\"twitter:data1\" content=\"Fre\" \/>\n\t<meta name=\"twitter:label2\" content=\"Dur\u00e9e de lecture estim\u00e9e\" \/>\n\t<meta name=\"twitter:data2\" content=\"6 minutes\" \/>\n<script type=\"application\/ld+json\" class=\"yoast-schema-graph\">{\"@context\":\"https:\\\/\\\/schema.org\",\"@graph\":[{\"@type\":\"Article\",\"@id\":\"https:\\\/\\\/goldenme.lu\\\/fr\\\/der-preis-fuer-digitale-inklusion-2025-geht-an-goldenme-und-die-steftung-hellef-doheem-fuer-das-projekt-digital-doheem\\\/#article\",\"isPartOf\":{\"@id\":\"https:\\\/\\\/goldenme.lu\\\/fr\\\/der-preis-fuer-digitale-inklusion-2025-geht-an-goldenme-und-die-steftung-hellef-doheem-fuer-das-projekt-digital-doheem\\\/\"},\"author\":{\"name\":\"Fre\",\"@id\":\"https:\\\/\\\/goldenme.lu\\\/fr\\\/#\\\/schema\\\/person\\\/bf99f53b4cd787955f04aa6846694446\"},\"headline\":\"Der Preis f\u00fcr digitale Inklusion 2025 geht an GoldenMe und die St\u00ebftung H\u00ebllef Doheem f\u00fcr das Projekt \u201eDigital Doheem\u201c\",\"datePublished\":\"2026-03-11T09:05:08+00:00\",\"dateModified\":\"2026-04-24T09:53:28+00:00\",\"mainEntityOfPage\":{\"@id\":\"https:\\\/\\\/goldenme.lu\\\/fr\\\/der-preis-fuer-digitale-inklusion-2025-geht-an-goldenme-und-die-steftung-hellef-doheem-fuer-das-projekt-digital-doheem\\\/\"},\"wordCount\":1244,\"commentCount\":0,\"publisher\":{\"@id\":\"https:\\\/\\\/goldenme.lu\\\/fr\\\/#organization\"},\"image\":{\"@id\":\"https:\\\/\\\/goldenme.lu\\\/fr\\\/der-preis-fuer-digitale-inklusion-2025-geht-an-goldenme-und-die-steftung-hellef-doheem-fuer-das-projekt-digital-doheem\\\/#primaryimage\"},\"thumbnailUrl\":\"https:\\\/\\\/goldenme.lu\\\/wp-content\\\/uploads\\\/2026\\\/03\\\/GM_prixinclus.numerique2025\u00a9MinDigitalR5635.jpg\",\"articleSection\":[\"Neuigkeiten\"],\"inLanguage\":\"fr-FR\",\"potentialAction\":[{\"@type\":\"CommentAction\",\"name\":\"Comment\",\"target\":[\"https:\\\/\\\/goldenme.lu\\\/fr\\\/der-preis-fuer-digitale-inklusion-2025-geht-an-goldenme-und-die-steftung-hellef-doheem-fuer-das-projekt-digital-doheem\\\/#respond\"]}]},{\"@type\":\"WebPage\",\"@id\":\"https:\\\/\\\/goldenme.lu\\\/fr\\\/der-preis-fuer-digitale-inklusion-2025-geht-an-goldenme-und-die-steftung-hellef-doheem-fuer-das-projekt-digital-doheem\\\/\",\"url\":\"https:\\\/\\\/goldenme.lu\\\/fr\\\/der-preis-fuer-digitale-inklusion-2025-geht-an-goldenme-und-die-steftung-hellef-doheem-fuer-das-projekt-digital-doheem\\\/\",\"name\":\"Der Preis f\u00fcr digitale Inklusion 2025 geht an GoldenMe und die St\u00ebftung H\u00ebllef Doheem f\u00fcr das Projekt \u201eDigital Doheem\u201c - GoldenMe\",\"isPartOf\":{\"@id\":\"https:\\\/\\\/goldenme.lu\\\/fr\\\/#website\"},\"primaryImageOfPage\":{\"@id\":\"https:\\\/\\\/goldenme.lu\\\/fr\\\/der-preis-fuer-digitale-inklusion-2025-geht-an-goldenme-und-die-steftung-hellef-doheem-fuer-das-projekt-digital-doheem\\\/#primaryimage\"},\"image\":{\"@id\":\"https:\\\/\\\/goldenme.lu\\\/fr\\\/der-preis-fuer-digitale-inklusion-2025-geht-an-goldenme-und-die-steftung-hellef-doheem-fuer-das-projekt-digital-doheem\\\/#primaryimage\"},\"thumbnailUrl\":\"https:\\\/\\\/goldenme.lu\\\/wp-content\\\/uploads\\\/2026\\\/03\\\/GM_prixinclus.numerique2025\u00a9MinDigitalR5635.jpg\",\"datePublished\":\"2026-03-11T09:05:08+00:00\",\"dateModified\":\"2026-04-24T09:53:28+00:00\",\"breadcrumb\":{\"@id\":\"https:\\\/\\\/goldenme.lu\\\/fr\\\/der-preis-fuer-digitale-inklusion-2025-geht-an-goldenme-und-die-steftung-hellef-doheem-fuer-das-projekt-digital-doheem\\\/#breadcrumb\"},\"inLanguage\":\"fr-FR\",\"potentialAction\":[{\"@type\":\"ReadAction\",\"target\":[\"https:\\\/\\\/goldenme.lu\\\/fr\\\/der-preis-fuer-digitale-inklusion-2025-geht-an-goldenme-und-die-steftung-hellef-doheem-fuer-das-projekt-digital-doheem\\\/\"]}]},{\"@type\":\"ImageObject\",\"inLanguage\":\"fr-FR\",\"@id\":\"https:\\\/\\\/goldenme.lu\\\/fr\\\/der-preis-fuer-digitale-inklusion-2025-geht-an-goldenme-und-die-steftung-hellef-doheem-fuer-das-projekt-digital-doheem\\\/#primaryimage\",\"url\":\"https:\\\/\\\/goldenme.lu\\\/wp-content\\\/uploads\\\/2026\\\/03\\\/GM_prixinclus.numerique2025\u00a9MinDigitalR5635.jpg\",\"contentUrl\":\"https:\\\/\\\/goldenme.lu\\\/wp-content\\\/uploads\\\/2026\\\/03\\\/GM_prixinclus.numerique2025\u00a9MinDigitalR5635.jpg\",\"width\":8192,\"height\":5464},{\"@type\":\"BreadcrumbList\",\"@id\":\"https:\\\/\\\/goldenme.lu\\\/fr\\\/der-preis-fuer-digitale-inklusion-2025-geht-an-goldenme-und-die-steftung-hellef-doheem-fuer-das-projekt-digital-doheem\\\/#breadcrumb\",\"itemListElement\":[{\"@type\":\"ListItem\",\"position\":1,\"name\":\"Startseite\",\"item\":\"https:\\\/\\\/goldenme.lu\\\/fr\\\/\"},{\"@type\":\"ListItem\",\"position\":2,\"name\":\"Der Preis f\u00fcr digitale Inklusion 2025 geht an GoldenMe und die St\u00ebftung H\u00ebllef Doheem f\u00fcr das Projekt \u201eDigital Doheem\u201c\"}]},{\"@type\":\"WebSite\",\"@id\":\"https:\\\/\\\/goldenme.lu\\\/fr\\\/#website\",\"url\":\"https:\\\/\\\/goldenme.lu\\\/fr\\\/\",\"name\":\"GoldenMe\",\"description\":\"\",\"publisher\":{\"@id\":\"https:\\\/\\\/goldenme.lu\\\/fr\\\/#organization\"},\"potentialAction\":[{\"@type\":\"SearchAction\",\"target\":{\"@type\":\"EntryPoint\",\"urlTemplate\":\"https:\\\/\\\/goldenme.lu\\\/fr\\\/?s={search_term_string}\"},\"query-input\":{\"@type\":\"PropertyValueSpecification\",\"valueRequired\":true,\"valueName\":\"search_term_string\"}}],\"inLanguage\":\"fr-FR\"},{\"@type\":\"Organization\",\"@id\":\"https:\\\/\\\/goldenme.lu\\\/fr\\\/#organization\",\"name\":\"GoldenMe\",\"url\":\"https:\\\/\\\/goldenme.lu\\\/fr\\\/\",\"logo\":{\"@type\":\"ImageObject\",\"inLanguage\":\"fr-FR\",\"@id\":\"https:\\\/\\\/goldenme.lu\\\/fr\\\/#\\\/schema\\\/logo\\\/image\\\/\",\"url\":\"https:\\\/\\\/goldenme.lu\\\/wp-content\\\/uploads\\\/2025\\\/07\\\/GM-Logo.png\",\"contentUrl\":\"https:\\\/\\\/goldenme.lu\\\/wp-content\\\/uploads\\\/2025\\\/07\\\/GM-Logo.png\",\"width\":565,\"height\":185,\"caption\":\"GoldenMe\"},\"image\":{\"@id\":\"https:\\\/\\\/goldenme.lu\\\/fr\\\/#\\\/schema\\\/logo\\\/image\\\/\"},\"sameAs\":[\"https:\\\/\\\/www.facebook.com\\\/GoldenMeLuxembourg\\\/\",\"https:\\\/\\\/www.instagram.com\\\/goldenmeluxembourg\"]},{\"@type\":\"Person\",\"@id\":\"https:\\\/\\\/goldenme.lu\\\/fr\\\/#\\\/schema\\\/person\\\/bf99f53b4cd787955f04aa6846694446\",\"name\":\"Fre\"}]}<\/script>\n<!-- \/ Yoast SEO plugin. -->","yoast_head_json":{"title":"Der Preis f\u00fcr digitale Inklusion 2025 geht an GoldenMe und die St\u00ebftung H\u00ebllef Doheem f\u00fcr das Projekt \u201eDigital Doheem\u201c - GoldenMe","robots":{"index":"index","follow":"follow","max-snippet":"max-snippet:-1","max-image-preview":"max-image-preview:large","max-video-preview":"max-video-preview:-1"},"canonical":"https:\/\/goldenme.lu\/fr\/der-preis-fuer-digitale-inklusion-2025-geht-an-goldenme-und-die-steftung-hellef-doheem-fuer-das-projekt-digital-doheem\/","og_locale":"fr_FR","og_type":"article","og_title":"Der Preis f\u00fcr digitale Inklusion 2025 geht an GoldenMe und die St\u00ebftung H\u00ebllef Doheem f\u00fcr das Projekt \u201eDigital Doheem\u201c - GoldenMe","og_description":"[vc_row][vc_column][vc_custom_heading text=\u00a0\u00bbDigitale Inklusion sollte keine Frage des Alters oder der Mobilit\u00e4t sein\u00a0\u00bb font_container=\u00a0\u00bbtag:h2|font_size:30|text_align:left\u00a0\u00bb use_theme_fonts=\u00a0\u00bbyes\u00a0\u00bb css=\u00a0\u00bb\u00a0\u00bb][\/vc_column][\/vc_row][vc_row][vc_column][vc_column_text css=\u00a0\u00bb\u00a0\u00bb] Mit Stolz und Dankbarkeit haben wir gemeinsam mit der St\u00ebftung H\u00ebllef Doheem den Preis f\u00fcr digitale Inklusion 2025 entgegengenommen, der am 16. Mai f\u00fcr unser gemeinsames Projekt \u201eDigital Doheem\u201c verliehen wurde \u2013 eine Initiative, die darauf abzielt, die digitale [&hellip;]","og_url":"https:\/\/goldenme.lu\/fr\/der-preis-fuer-digitale-inklusion-2025-geht-an-goldenme-und-die-steftung-hellef-doheem-fuer-das-projekt-digital-doheem\/","og_site_name":"GoldenMe","article_publisher":"https:\/\/www.facebook.com\/GoldenMeLuxembourg\/","article_published_time":"2026-03-11T09:05:08+00:00","article_modified_time":"2026-04-24T09:53:28+00:00","og_image":[{"width":1024,"height":683,"url":"https:\/\/goldenme.lu\/wp-content\/uploads\/2026\/03\/GM_prixinclus.numerique2025\u00a9MinDigitalR5635-1024x683.jpg","type":"image\/jpeg"}],"author":"Fre","twitter_card":"summary_large_image","twitter_misc":{"\u00c9crit par":"Fre","Dur\u00e9e de lecture estim\u00e9e":"6 minutes"},"schema":{"@context":"https:\/\/schema.org","@graph":[{"@type":"Article","@id":"https:\/\/goldenme.lu\/fr\/der-preis-fuer-digitale-inklusion-2025-geht-an-goldenme-und-die-steftung-hellef-doheem-fuer-das-projekt-digital-doheem\/#article","isPartOf":{"@id":"https:\/\/goldenme.lu\/fr\/der-preis-fuer-digitale-inklusion-2025-geht-an-goldenme-und-die-steftung-hellef-doheem-fuer-das-projekt-digital-doheem\/"},"author":{"name":"Fre","@id":"https:\/\/goldenme.lu\/fr\/#\/schema\/person\/bf99f53b4cd787955f04aa6846694446"},"headline":"Der Preis f\u00fcr digitale Inklusion 2025 geht an GoldenMe und die St\u00ebftung H\u00ebllef Doheem f\u00fcr das Projekt \u201eDigital Doheem\u201c","datePublished":"2026-03-11T09:05:08+00:00","dateModified":"2026-04-24T09:53:28+00:00","mainEntityOfPage":{"@id":"https:\/\/goldenme.lu\/fr\/der-preis-fuer-digitale-inklusion-2025-geht-an-goldenme-und-die-steftung-hellef-doheem-fuer-das-projekt-digital-doheem\/"},"wordCount":1244,"commentCount":0,"publisher":{"@id":"https:\/\/goldenme.lu\/fr\/#organization"},"image":{"@id":"https:\/\/goldenme.lu\/fr\/der-preis-fuer-digitale-inklusion-2025-geht-an-goldenme-und-die-steftung-hellef-doheem-fuer-das-projekt-digital-doheem\/#primaryimage"},"thumbnailUrl":"https:\/\/goldenme.lu\/wp-content\/uploads\/2026\/03\/GM_prixinclus.numerique2025\u00a9MinDigitalR5635.jpg","articleSection":["Neuigkeiten"],"inLanguage":"fr-FR","potentialAction":[{"@type":"CommentAction","name":"Comment","target":["https:\/\/goldenme.lu\/fr\/der-preis-fuer-digitale-inklusion-2025-geht-an-goldenme-und-die-steftung-hellef-doheem-fuer-das-projekt-digital-doheem\/#respond"]}]},{"@type":"WebPage","@id":"https:\/\/goldenme.lu\/fr\/der-preis-fuer-digitale-inklusion-2025-geht-an-goldenme-und-die-steftung-hellef-doheem-fuer-das-projekt-digital-doheem\/","url":"https:\/\/goldenme.lu\/fr\/der-preis-fuer-digitale-inklusion-2025-geht-an-goldenme-und-die-steftung-hellef-doheem-fuer-das-projekt-digital-doheem\/","name":"Der Preis f\u00fcr digitale Inklusion 2025 geht an GoldenMe und die St\u00ebftung H\u00ebllef Doheem f\u00fcr das Projekt \u201eDigital Doheem\u201c - GoldenMe","isPartOf":{"@id":"https:\/\/goldenme.lu\/fr\/#website"},"primaryImageOfPage":{"@id":"https:\/\/goldenme.lu\/fr\/der-preis-fuer-digitale-inklusion-2025-geht-an-goldenme-und-die-steftung-hellef-doheem-fuer-das-projekt-digital-doheem\/#primaryimage"},"image":{"@id":"https:\/\/goldenme.lu\/fr\/der-preis-fuer-digitale-inklusion-2025-geht-an-goldenme-und-die-steftung-hellef-doheem-fuer-das-projekt-digital-doheem\/#primaryimage"},"thumbnailUrl":"https:\/\/goldenme.lu\/wp-content\/uploads\/2026\/03\/GM_prixinclus.numerique2025\u00a9MinDigitalR5635.jpg","datePublished":"2026-03-11T09:05:08+00:00","dateModified":"2026-04-24T09:53:28+00:00","breadcrumb":{"@id":"https:\/\/goldenme.lu\/fr\/der-preis-fuer-digitale-inklusion-2025-geht-an-goldenme-und-die-steftung-hellef-doheem-fuer-das-projekt-digital-doheem\/#breadcrumb"},"inLanguage":"fr-FR","potentialAction":[{"@type":"ReadAction","target":["https:\/\/goldenme.lu\/fr\/der-preis-fuer-digitale-inklusion-2025-geht-an-goldenme-und-die-steftung-hellef-doheem-fuer-das-projekt-digital-doheem\/"]}]},{"@type":"ImageObject","inLanguage":"fr-FR","@id":"https:\/\/goldenme.lu\/fr\/der-preis-fuer-digitale-inklusion-2025-geht-an-goldenme-und-die-steftung-hellef-doheem-fuer-das-projekt-digital-doheem\/#primaryimage","url":"https:\/\/goldenme.lu\/wp-content\/uploads\/2026\/03\/GM_prixinclus.numerique2025\u00a9MinDigitalR5635.jpg","contentUrl":"https:\/\/goldenme.lu\/wp-content\/uploads\/2026\/03\/GM_prixinclus.numerique2025\u00a9MinDigitalR5635.jpg","width":8192,"height":5464},{"@type":"BreadcrumbList","@id":"https:\/\/goldenme.lu\/fr\/der-preis-fuer-digitale-inklusion-2025-geht-an-goldenme-und-die-steftung-hellef-doheem-fuer-das-projekt-digital-doheem\/#breadcrumb","itemListElement":[{"@type":"ListItem","position":1,"name":"Startseite","item":"https:\/\/goldenme.lu\/fr\/"},{"@type":"ListItem","position":2,"name":"Der Preis f\u00fcr digitale Inklusion 2025 geht an GoldenMe und die St\u00ebftung H\u00ebllef Doheem f\u00fcr das Projekt \u201eDigital Doheem\u201c"}]},{"@type":"WebSite","@id":"https:\/\/goldenme.lu\/fr\/#website","url":"https:\/\/goldenme.lu\/fr\/","name":"GoldenMe","description":"","publisher":{"@id":"https:\/\/goldenme.lu\/fr\/#organization"},"potentialAction":[{"@type":"SearchAction","target":{"@type":"EntryPoint","urlTemplate":"https:\/\/goldenme.lu\/fr\/?s={search_term_string}"},"query-input":{"@type":"PropertyValueSpecification","valueRequired":true,"valueName":"search_term_string"}}],"inLanguage":"fr-FR"},{"@type":"Organization","@id":"https:\/\/goldenme.lu\/fr\/#organization","name":"GoldenMe","url":"https:\/\/goldenme.lu\/fr\/","logo":{"@type":"ImageObject","inLanguage":"fr-FR","@id":"https:\/\/goldenme.lu\/fr\/#\/schema\/logo\/image\/","url":"https:\/\/goldenme.lu\/wp-content\/uploads\/2025\/07\/GM-Logo.png","contentUrl":"https:\/\/goldenme.lu\/wp-content\/uploads\/2025\/07\/GM-Logo.png","width":565,"height":185,"caption":"GoldenMe"},"image":{"@id":"https:\/\/goldenme.lu\/fr\/#\/schema\/logo\/image\/"},"sameAs":["https:\/\/www.facebook.com\/GoldenMeLuxembourg\/","https:\/\/www.instagram.com\/goldenmeluxembourg"]},{"@type":"Person","@id":"https:\/\/goldenme.lu\/fr\/#\/schema\/person\/bf99f53b4cd787955f04aa6846694446","name":"Fre"}]}},"_links":{"self":[{"href":"https:\/\/goldenme.lu\/fr\/wp-json\/wp\/v2\/posts\/1755","targetHints":{"allow":["GET"]}}],"collection":[{"href":"https:\/\/goldenme.lu\/fr\/wp-json\/wp\/v2\/posts"}],"about":[{"href":"https:\/\/goldenme.lu\/fr\/wp-json\/wp\/v2\/types\/post"}],"author":[{"embeddable":true,"href":"https:\/\/goldenme.lu\/fr\/wp-json\/wp\/v2\/users\/4"}],"replies":[{"embeddable":true,"href":"https:\/\/goldenme.lu\/fr\/wp-json\/wp\/v2\/comments?post=1755"}],"version-history":[{"count":26,"href":"https:\/\/goldenme.lu\/fr\/wp-json\/wp\/v2\/posts\/1755\/revisions"}],"predecessor-version":[{"id":1984,"href":"https:\/\/goldenme.lu\/fr\/wp-json\/wp\/v2\/posts\/1755\/revisions\/1984"}],"wp:featuredmedia":[{"embeddable":true,"href":"https:\/\/goldenme.lu\/fr\/wp-json\/wp\/v2\/media\/1758"}],"wp:attachment":[{"href":"https:\/\/goldenme.lu\/fr\/wp-json\/wp\/v2\/media?parent=1755"}],"wp:term":[{"taxonomy":"category","embeddable":true,"href":"https:\/\/goldenme.lu\/fr\/wp-json\/wp\/v2\/categories?post=1755"},{"taxonomy":"post_tag","embeddable":true,"href":"https:\/\/goldenme.lu\/fr\/wp-json\/wp\/v2\/tags?post=1755"}],"curies":[{"name":"wp","href":"https:\/\/api.w.org\/{rel}","templated":true}]}}