{"id":1173,"date":"2025-11-01T10:58:37","date_gmt":"2025-11-01T09:58:37","guid":{"rendered":"https:\/\/goldenme.cuco.dev\/nomination-de-anne-frausing-au-poste-de-chargee-de-direction-de-goldenme-asbl\/"},"modified":"2025-12-18T11:21:04","modified_gmt":"2025-12-18T10:21:04","slug":"nomination-de-anne-frausing-au-poste-de-chargee-de-direction-de-goldenme-asbl","status":"publish","type":"post","link":"https:\/\/goldenme.lu\/fr\/nomination-de-anne-frausing-au-poste-de-chargee-de-direction-de-goldenme-asbl\/","title":{"rendered":"Nomination de Anne Frausing au poste de Charg\u00e9e de Direction de GoldenMe asbl"},"content":{"rendered":"<div class=\"wpb-content-wrapper\"><p>[vc_row][vc_column][vc_column_text css=\u00a0\u00bb\u00a0\u00bb]<\/p>\n<p data-start=\"183\" data-end=\"318\">A partir du 1 novembre 2025 et jusqu&rsquo;au <strong data-start=\"279\" data-end=\"299\">31. Oktober 2026<\/strong>,<strong data-start=\"305\" data-end=\"327\"> Anne Frausing<\/strong> assurera la fonction de <strong data-start=\"349\" data-end=\"373\">Charg\u00e9e de Direction<\/strong> de GoldenMe asbl.<\/p>\n<p data-start=\"183\" data-end=\"318\">Mme Frausing a rejoint l&rsquo;organisation en 2023 et succ\u00e8de \u00e0 Mara Kroth (co-founder) \u00e0 la t\u00eate de l&rsquo;organisation pour la dur\u00e9e du cong\u00e9 sans solde de Mara Kroth.<\/p>\n<p>[\/vc_column_text][\/vc_column][\/vc_row]<\/p>\n<\/div>","protected":false},"excerpt":{"rendered":"<p>[vc_row][vc_column][vc_column_text css=\u00a0\u00bb\u00a0\u00bb] A partir du 1 novembre 2025 et jusqu&rsquo;au 31. Oktober 2026, Anne Frausing assurera la fonction de Charg\u00e9e de Direction de GoldenMe asbl. Mme Frausing a rejoint l&rsquo;organisation en 2023 et succ\u00e8de \u00e0 Mara Kroth (co-founder) \u00e0 la t\u00eate de l&rsquo;organisation pour la dur\u00e9e du cong\u00e9 sans solde de Mara Kroth. [\/vc_column_text][\/vc_column][\/vc_row]<\/p>\n","protected":false},"author":3,"featured_media":1172,"comment_status":"open","ping_status":"closed","sticky":false,"template":"","format":"standard","meta":{"_acf_changed":false,"footnotes":""},"categories":[18],"tags":[],"class_list":["post-1173","post","type-post","status-publish","format-standard","has-post-thumbnail","hentry","category-nouvelles"],"acf":[],"yoast_head":"<!-- This site is optimized with the Yoast SEO plugin v27.4 - https:\/\/yoast.com\/product\/yoast-seo-wordpress\/ -->\n<title>Nomination de Anne Frausing au poste de Charg\u00e9e de Direction de GoldenMe asbl - GoldenMe<\/title>\n<meta name=\"robots\" content=\"index, follow, max-snippet:-1, max-image-preview:large, max-video-preview:-1\" \/>\n<link rel=\"canonical\" href=\"https:\/\/goldenme.lu\/fr\/nomination-de-anne-frausing-au-poste-de-chargee-de-direction-de-goldenme-asbl\/\" \/>\n<meta property=\"og:locale\" content=\"fr_FR\" \/>\n<meta property=\"og:type\" content=\"article\" \/>\n<meta property=\"og:title\" content=\"Nomination de Anne Frausing au poste de Charg\u00e9e de Direction de GoldenMe asbl - GoldenMe\" \/>\n<meta property=\"og:description\" content=\"[vc_row][vc_column][vc_column_text css=\u00a0\u00bb\u00a0\u00bb] A partir du 1 novembre 2025 et jusqu&rsquo;au 31. Oktober 2026, Anne Frausing assurera la fonction de Charg\u00e9e de Direction de GoldenMe asbl. Mme Frausing a rejoint l&rsquo;organisation en 2023 et succ\u00e8de \u00e0 Mara Kroth (co-founder) \u00e0 la t\u00eate de l&rsquo;organisation pour la dur\u00e9e du cong\u00e9 sans solde de Mara Kroth. [\/vc_column_text][\/vc_column][\/vc_row]\" \/>\n<meta property=\"og:url\" content=\"https:\/\/goldenme.lu\/fr\/nomination-de-anne-frausing-au-poste-de-chargee-de-direction-de-goldenme-asbl\/\" \/>\n<meta property=\"og:site_name\" content=\"GoldenMe\" \/>\n<meta property=\"article:publisher\" content=\"https:\/\/www.facebook.com\/GoldenMeLuxembourg\/\" \/>\n<meta property=\"article:published_time\" content=\"2025-11-01T09:58:37+00:00\" \/>\n<meta property=\"article:modified_time\" content=\"2025-12-18T10:21:04+00:00\" \/>\n<meta property=\"og:image\" content=\"https:\/\/goldenme.lu\/wp-content\/uploads\/2025\/09\/GM_Welcome-Anne_Chargee-de-direction_10.11.2025_0088-1-scaled.jpg\" \/>\n\t<meta property=\"og:image:width\" content=\"2560\" \/>\n\t<meta property=\"og:image:height\" content=\"1707\" \/>\n\t<meta property=\"og:image:type\" content=\"image\/jpeg\" \/>\n<meta name=\"author\" content=\"Mara\" \/>\n<meta name=\"twitter:card\" content=\"summary_large_image\" \/>\n<meta name=\"twitter:label1\" content=\"\u00c9crit par\" \/>\n\t<meta name=\"twitter:data1\" content=\"Mara\" \/>\n<script type=\"application\/ld+json\" class=\"yoast-schema-graph\">{\"@context\":\"https:\\\/\\\/schema.org\",\"@graph\":[{\"@type\":\"Article\",\"@id\":\"https:\\\/\\\/goldenme.lu\\\/fr\\\/nomination-de-anne-frausing-au-poste-de-chargee-de-direction-de-goldenme-asbl\\\/#article\",\"isPartOf\":{\"@id\":\"https:\\\/\\\/goldenme.lu\\\/fr\\\/nomination-de-anne-frausing-au-poste-de-chargee-de-direction-de-goldenme-asbl\\\/\"},\"author\":{\"name\":\"Mara\",\"@id\":\"https:\\\/\\\/goldenme.lu\\\/fr\\\/#\\\/schema\\\/person\\\/b4cc37b257bd87c74669cda11b932c68\"},\"headline\":\"Nomination de Anne Frausing au poste de Charg\u00e9e de Direction de GoldenMe asbl\",\"datePublished\":\"2025-11-01T09:58:37+00:00\",\"dateModified\":\"2025-12-18T10:21:04+00:00\",\"mainEntityOfPage\":{\"@id\":\"https:\\\/\\\/goldenme.lu\\\/fr\\\/nomination-de-anne-frausing-au-poste-de-chargee-de-direction-de-goldenme-asbl\\\/\"},\"wordCount\":80,\"commentCount\":0,\"publisher\":{\"@id\":\"https:\\\/\\\/goldenme.lu\\\/fr\\\/#organization\"},\"image\":{\"@id\":\"https:\\\/\\\/goldenme.lu\\\/fr\\\/nomination-de-anne-frausing-au-poste-de-chargee-de-direction-de-goldenme-asbl\\\/#primaryimage\"},\"thumbnailUrl\":\"https:\\\/\\\/goldenme.lu\\\/wp-content\\\/uploads\\\/2025\\\/09\\\/GM_Welcome-Anne_Chargee-de-direction_10.11.2025_0088-1-scaled.jpg\",\"articleSection\":[\"Nouvelles\"],\"inLanguage\":\"fr-FR\",\"potentialAction\":[{\"@type\":\"CommentAction\",\"name\":\"Comment\",\"target\":[\"https:\\\/\\\/goldenme.lu\\\/fr\\\/nomination-de-anne-frausing-au-poste-de-chargee-de-direction-de-goldenme-asbl\\\/#respond\"]}]},{\"@type\":\"WebPage\",\"@id\":\"https:\\\/\\\/goldenme.lu\\\/fr\\\/nomination-de-anne-frausing-au-poste-de-chargee-de-direction-de-goldenme-asbl\\\/\",\"url\":\"https:\\\/\\\/goldenme.lu\\\/fr\\\/nomination-de-anne-frausing-au-poste-de-chargee-de-direction-de-goldenme-asbl\\\/\",\"name\":\"Nomination de Anne Frausing au poste de Charg\u00e9e de Direction de GoldenMe asbl - GoldenMe\",\"isPartOf\":{\"@id\":\"https:\\\/\\\/goldenme.lu\\\/fr\\\/#website\"},\"primaryImageOfPage\":{\"@id\":\"https:\\\/\\\/goldenme.lu\\\/fr\\\/nomination-de-anne-frausing-au-poste-de-chargee-de-direction-de-goldenme-asbl\\\/#primaryimage\"},\"image\":{\"@id\":\"https:\\\/\\\/goldenme.lu\\\/fr\\\/nomination-de-anne-frausing-au-poste-de-chargee-de-direction-de-goldenme-asbl\\\/#primaryimage\"},\"thumbnailUrl\":\"https:\\\/\\\/goldenme.lu\\\/wp-content\\\/uploads\\\/2025\\\/09\\\/GM_Welcome-Anne_Chargee-de-direction_10.11.2025_0088-1-scaled.jpg\",\"datePublished\":\"2025-11-01T09:58:37+00:00\",\"dateModified\":\"2025-12-18T10:21:04+00:00\",\"breadcrumb\":{\"@id\":\"https:\\\/\\\/goldenme.lu\\\/fr\\\/nomination-de-anne-frausing-au-poste-de-chargee-de-direction-de-goldenme-asbl\\\/#breadcrumb\"},\"inLanguage\":\"fr-FR\",\"potentialAction\":[{\"@type\":\"ReadAction\",\"target\":[\"https:\\\/\\\/goldenme.lu\\\/fr\\\/nomination-de-anne-frausing-au-poste-de-chargee-de-direction-de-goldenme-asbl\\\/\"]}]},{\"@type\":\"ImageObject\",\"inLanguage\":\"fr-FR\",\"@id\":\"https:\\\/\\\/goldenme.lu\\\/fr\\\/nomination-de-anne-frausing-au-poste-de-chargee-de-direction-de-goldenme-asbl\\\/#primaryimage\",\"url\":\"https:\\\/\\\/goldenme.lu\\\/wp-content\\\/uploads\\\/2025\\\/09\\\/GM_Welcome-Anne_Chargee-de-direction_10.11.2025_0088-1-scaled.jpg\",\"contentUrl\":\"https:\\\/\\\/goldenme.lu\\\/wp-content\\\/uploads\\\/2025\\\/09\\\/GM_Welcome-Anne_Chargee-de-direction_10.11.2025_0088-1-scaled.jpg\",\"width\":2560,\"height\":1707},{\"@type\":\"BreadcrumbList\",\"@id\":\"https:\\\/\\\/goldenme.lu\\\/fr\\\/nomination-de-anne-frausing-au-poste-de-chargee-de-direction-de-goldenme-asbl\\\/#breadcrumb\",\"itemListElement\":[{\"@type\":\"ListItem\",\"position\":1,\"name\":\"Startseite\",\"item\":\"https:\\\/\\\/goldenme.lu\\\/fr\\\/\"},{\"@type\":\"ListItem\",\"position\":2,\"name\":\"Nomination de Anne Frausing au poste de Charg\u00e9e de Direction de GoldenMe asbl\"}]},{\"@type\":\"WebSite\",\"@id\":\"https:\\\/\\\/goldenme.lu\\\/fr\\\/#website\",\"url\":\"https:\\\/\\\/goldenme.lu\\\/fr\\\/\",\"name\":\"GoldenMe\",\"description\":\"\",\"publisher\":{\"@id\":\"https:\\\/\\\/goldenme.lu\\\/fr\\\/#organization\"},\"potentialAction\":[{\"@type\":\"SearchAction\",\"target\":{\"@type\":\"EntryPoint\",\"urlTemplate\":\"https:\\\/\\\/goldenme.lu\\\/fr\\\/?s={search_term_string}\"},\"query-input\":{\"@type\":\"PropertyValueSpecification\",\"valueRequired\":true,\"valueName\":\"search_term_string\"}}],\"inLanguage\":\"fr-FR\"},{\"@type\":\"Organization\",\"@id\":\"https:\\\/\\\/goldenme.lu\\\/fr\\\/#organization\",\"name\":\"GoldenMe\",\"url\":\"https:\\\/\\\/goldenme.lu\\\/fr\\\/\",\"logo\":{\"@type\":\"ImageObject\",\"inLanguage\":\"fr-FR\",\"@id\":\"https:\\\/\\\/goldenme.lu\\\/fr\\\/#\\\/schema\\\/logo\\\/image\\\/\",\"url\":\"https:\\\/\\\/goldenme.lu\\\/wp-content\\\/uploads\\\/2025\\\/07\\\/GM-Logo.png\",\"contentUrl\":\"https:\\\/\\\/goldenme.lu\\\/wp-content\\\/uploads\\\/2025\\\/07\\\/GM-Logo.png\",\"width\":565,\"height\":185,\"caption\":\"GoldenMe\"},\"image\":{\"@id\":\"https:\\\/\\\/goldenme.lu\\\/fr\\\/#\\\/schema\\\/logo\\\/image\\\/\"},\"sameAs\":[\"https:\\\/\\\/www.facebook.com\\\/GoldenMeLuxembourg\\\/\",\"https:\\\/\\\/www.instagram.com\\\/goldenmeluxembourg\"]},{\"@type\":\"Person\",\"@id\":\"https:\\\/\\\/goldenme.lu\\\/fr\\\/#\\\/schema\\\/person\\\/b4cc37b257bd87c74669cda11b932c68\",\"name\":\"Mara\"}]}<\/script>\n<!-- \/ Yoast SEO plugin. -->","yoast_head_json":{"title":"Nomination de Anne Frausing au poste de Charg\u00e9e de Direction de GoldenMe asbl - GoldenMe","robots":{"index":"index","follow":"follow","max-snippet":"max-snippet:-1","max-image-preview":"max-image-preview:large","max-video-preview":"max-video-preview:-1"},"canonical":"https:\/\/goldenme.lu\/fr\/nomination-de-anne-frausing-au-poste-de-chargee-de-direction-de-goldenme-asbl\/","og_locale":"fr_FR","og_type":"article","og_title":"Nomination de Anne Frausing au poste de Charg\u00e9e de Direction de GoldenMe asbl - GoldenMe","og_description":"[vc_row][vc_column][vc_column_text css=\u00a0\u00bb\u00a0\u00bb] A partir du 1 novembre 2025 et jusqu&rsquo;au 31. Oktober 2026, Anne Frausing assurera la fonction de Charg\u00e9e de Direction de GoldenMe asbl. Mme Frausing a rejoint l&rsquo;organisation en 2023 et succ\u00e8de \u00e0 Mara Kroth (co-founder) \u00e0 la t\u00eate de l&rsquo;organisation pour la dur\u00e9e du cong\u00e9 sans solde de Mara Kroth. [\/vc_column_text][\/vc_column][\/vc_row]","og_url":"https:\/\/goldenme.lu\/fr\/nomination-de-anne-frausing-au-poste-de-chargee-de-direction-de-goldenme-asbl\/","og_site_name":"GoldenMe","article_publisher":"https:\/\/www.facebook.com\/GoldenMeLuxembourg\/","article_published_time":"2025-11-01T09:58:37+00:00","article_modified_time":"2025-12-18T10:21:04+00:00","og_image":[{"width":2560,"height":1707,"url":"https:\/\/goldenme.lu\/wp-content\/uploads\/2025\/09\/GM_Welcome-Anne_Chargee-de-direction_10.11.2025_0088-1-scaled.jpg","type":"image\/jpeg"}],"author":"Mara","twitter_card":"summary_large_image","twitter_misc":{"\u00c9crit par":"Mara"},"schema":{"@context":"https:\/\/schema.org","@graph":[{"@type":"Article","@id":"https:\/\/goldenme.lu\/fr\/nomination-de-anne-frausing-au-poste-de-chargee-de-direction-de-goldenme-asbl\/#article","isPartOf":{"@id":"https:\/\/goldenme.lu\/fr\/nomination-de-anne-frausing-au-poste-de-chargee-de-direction-de-goldenme-asbl\/"},"author":{"name":"Mara","@id":"https:\/\/goldenme.lu\/fr\/#\/schema\/person\/b4cc37b257bd87c74669cda11b932c68"},"headline":"Nomination de Anne Frausing au poste de Charg\u00e9e de Direction de GoldenMe asbl","datePublished":"2025-11-01T09:58:37+00:00","dateModified":"2025-12-18T10:21:04+00:00","mainEntityOfPage":{"@id":"https:\/\/goldenme.lu\/fr\/nomination-de-anne-frausing-au-poste-de-chargee-de-direction-de-goldenme-asbl\/"},"wordCount":80,"commentCount":0,"publisher":{"@id":"https:\/\/goldenme.lu\/fr\/#organization"},"image":{"@id":"https:\/\/goldenme.lu\/fr\/nomination-de-anne-frausing-au-poste-de-chargee-de-direction-de-goldenme-asbl\/#primaryimage"},"thumbnailUrl":"https:\/\/goldenme.lu\/wp-content\/uploads\/2025\/09\/GM_Welcome-Anne_Chargee-de-direction_10.11.2025_0088-1-scaled.jpg","articleSection":["Nouvelles"],"inLanguage":"fr-FR","potentialAction":[{"@type":"CommentAction","name":"Comment","target":["https:\/\/goldenme.lu\/fr\/nomination-de-anne-frausing-au-poste-de-chargee-de-direction-de-goldenme-asbl\/#respond"]}]},{"@type":"WebPage","@id":"https:\/\/goldenme.lu\/fr\/nomination-de-anne-frausing-au-poste-de-chargee-de-direction-de-goldenme-asbl\/","url":"https:\/\/goldenme.lu\/fr\/nomination-de-anne-frausing-au-poste-de-chargee-de-direction-de-goldenme-asbl\/","name":"Nomination de Anne Frausing au poste de Charg\u00e9e de Direction de GoldenMe asbl - GoldenMe","isPartOf":{"@id":"https:\/\/goldenme.lu\/fr\/#website"},"primaryImageOfPage":{"@id":"https:\/\/goldenme.lu\/fr\/nomination-de-anne-frausing-au-poste-de-chargee-de-direction-de-goldenme-asbl\/#primaryimage"},"image":{"@id":"https:\/\/goldenme.lu\/fr\/nomination-de-anne-frausing-au-poste-de-chargee-de-direction-de-goldenme-asbl\/#primaryimage"},"thumbnailUrl":"https:\/\/goldenme.lu\/wp-content\/uploads\/2025\/09\/GM_Welcome-Anne_Chargee-de-direction_10.11.2025_0088-1-scaled.jpg","datePublished":"2025-11-01T09:58:37+00:00","dateModified":"2025-12-18T10:21:04+00:00","breadcrumb":{"@id":"https:\/\/goldenme.lu\/fr\/nomination-de-anne-frausing-au-poste-de-chargee-de-direction-de-goldenme-asbl\/#breadcrumb"},"inLanguage":"fr-FR","potentialAction":[{"@type":"ReadAction","target":["https:\/\/goldenme.lu\/fr\/nomination-de-anne-frausing-au-poste-de-chargee-de-direction-de-goldenme-asbl\/"]}]},{"@type":"ImageObject","inLanguage":"fr-FR","@id":"https:\/\/goldenme.lu\/fr\/nomination-de-anne-frausing-au-poste-de-chargee-de-direction-de-goldenme-asbl\/#primaryimage","url":"https:\/\/goldenme.lu\/wp-content\/uploads\/2025\/09\/GM_Welcome-Anne_Chargee-de-direction_10.11.2025_0088-1-scaled.jpg","contentUrl":"https:\/\/goldenme.lu\/wp-content\/uploads\/2025\/09\/GM_Welcome-Anne_Chargee-de-direction_10.11.2025_0088-1-scaled.jpg","width":2560,"height":1707},{"@type":"BreadcrumbList","@id":"https:\/\/goldenme.lu\/fr\/nomination-de-anne-frausing-au-poste-de-chargee-de-direction-de-goldenme-asbl\/#breadcrumb","itemListElement":[{"@type":"ListItem","position":1,"name":"Startseite","item":"https:\/\/goldenme.lu\/fr\/"},{"@type":"ListItem","position":2,"name":"Nomination de Anne Frausing au poste de Charg\u00e9e de Direction de GoldenMe asbl"}]},{"@type":"WebSite","@id":"https:\/\/goldenme.lu\/fr\/#website","url":"https:\/\/goldenme.lu\/fr\/","name":"GoldenMe","description":"","publisher":{"@id":"https:\/\/goldenme.lu\/fr\/#organization"},"potentialAction":[{"@type":"SearchAction","target":{"@type":"EntryPoint","urlTemplate":"https:\/\/goldenme.lu\/fr\/?s={search_term_string}"},"query-input":{"@type":"PropertyValueSpecification","valueRequired":true,"valueName":"search_term_string"}}],"inLanguage":"fr-FR"},{"@type":"Organization","@id":"https:\/\/goldenme.lu\/fr\/#organization","name":"GoldenMe","url":"https:\/\/goldenme.lu\/fr\/","logo":{"@type":"ImageObject","inLanguage":"fr-FR","@id":"https:\/\/goldenme.lu\/fr\/#\/schema\/logo\/image\/","url":"https:\/\/goldenme.lu\/wp-content\/uploads\/2025\/07\/GM-Logo.png","contentUrl":"https:\/\/goldenme.lu\/wp-content\/uploads\/2025\/07\/GM-Logo.png","width":565,"height":185,"caption":"GoldenMe"},"image":{"@id":"https:\/\/goldenme.lu\/fr\/#\/schema\/logo\/image\/"},"sameAs":["https:\/\/www.facebook.com\/GoldenMeLuxembourg\/","https:\/\/www.instagram.com\/goldenmeluxembourg"]},{"@type":"Person","@id":"https:\/\/goldenme.lu\/fr\/#\/schema\/person\/b4cc37b257bd87c74669cda11b932c68","name":"Mara"}]}},"_links":{"self":[{"href":"https:\/\/goldenme.lu\/fr\/wp-json\/wp\/v2\/posts\/1173","targetHints":{"allow":["GET"]}}],"collection":[{"href":"https:\/\/goldenme.lu\/fr\/wp-json\/wp\/v2\/posts"}],"about":[{"href":"https:\/\/goldenme.lu\/fr\/wp-json\/wp\/v2\/types\/post"}],"author":[{"embeddable":true,"href":"https:\/\/goldenme.lu\/fr\/wp-json\/wp\/v2\/users\/3"}],"replies":[{"embeddable":true,"href":"https:\/\/goldenme.lu\/fr\/wp-json\/wp\/v2\/comments?post=1173"}],"version-history":[{"count":7,"href":"https:\/\/goldenme.lu\/fr\/wp-json\/wp\/v2\/posts\/1173\/revisions"}],"predecessor-version":[{"id":1180,"href":"https:\/\/goldenme.lu\/fr\/wp-json\/wp\/v2\/posts\/1173\/revisions\/1180"}],"wp:featuredmedia":[{"embeddable":true,"href":"https:\/\/goldenme.lu\/fr\/wp-json\/wp\/v2\/media\/1172"}],"wp:attachment":[{"href":"https:\/\/goldenme.lu\/fr\/wp-json\/wp\/v2\/media?parent=1173"}],"wp:term":[{"taxonomy":"category","embeddable":true,"href":"https:\/\/goldenme.lu\/fr\/wp-json\/wp\/v2\/categories?post=1173"},{"taxonomy":"post_tag","embeddable":true,"href":"https:\/\/goldenme.lu\/fr\/wp-json\/wp\/v2\/tags?post=1173"}],"curies":[{"name":"wp","href":"https:\/\/api.w.org\/{rel}","templated":true}]}}